{"id":1492,"date":"2026-09-03T20:42:32","date_gmt":"2026-09-04T02:42:32","guid":{"rendered":"https:\/\/conceptouno.tv\/?p=1492"},"modified":"2026-09-03T20:42:32","modified_gmt":"2026-09-04T02:42:32","slug":"el-multihomicidio-en-atizapan-lo-que-se-sabe-sobre-diego-sebastian-rosen-y-el-asesinato-de-jonathan-melendez-y-su-familia","status":"publish","type":"post","link":"https:\/\/conceptouno.tv\/index.php\/2026\/09\/03\/el-multihomicidio-en-atizapan-lo-que-se-sabe-sobre-diego-sebastian-rosen-y-el-asesinato-de-jonathan-melendez-y-su-familia\/","title":{"rendered":"El Multihomicidio en Atizap\u00e1n: lo que se sabe sobre Diego Sebasti\u00e1n Rosen y el asesinato de Jonathan Mel\u00e9ndez y su familia"},"content":{"rendered":"<p style=\"text-align: justify;\"><span style=\"font-family: tahoma, arial, helvetica, sans-serif;\">Atizap\u00e1n de Zaragoza, Estado de M\u00e9xico. El empresario <strong>Diego Sebasti\u00e1n Rosen Ferlini<\/strong> fue detenido como probable responsable del asesinato del m\u00fasico <strong>Jonathan \u201cHonas\u201d Mel\u00e9ndez<\/strong>, su esposa embarazada, su hija de tres a\u00f1os y una trabajadora del hogar, mientras que su otro hijo de seis a\u00f1os sobrevivi\u00f3 al ataque. Las autoridades investigan un posible conflicto econ\u00f3mico y la participaci\u00f3n de un segundo detenido.<\/span><\/p>\n<p style=\"text-align: justify;\"><span style=\"font-family: tahoma, arial, helvetica, sans-serif;\">El asesinato de cuatro personas dentro de un departamento de la <strong>Zona Esmeralda<\/strong> de Atizap\u00e1n de Zaragoza ha provocado conmoci\u00f3n nacional y abierto una investigaci\u00f3n que involucra a Diego Sebasti\u00e1n Rosen Ferlini, socio y conocido de una de las v\u00edctimas.<\/span><\/p>\n<p style=\"text-align: justify;\"><span style=\"font-family: tahoma, arial, helvetica, sans-serif;\">Jonathan Samuel Mel\u00e9ndez Ochoa, de 38 a\u00f1os, tecladista, productor y cofundador de la banda mexicana <strong>Camilo S\u00e9ptimo<\/strong>, fue encontrado sin vida junto con su esposa, de 35 a\u00f1os y con aproximadamente cuatro meses de embarazo; su hija de tres a\u00f1os y una mujer de 21 a\u00f1os que trabajaba para la familia. La mascota de la familia tambi\u00e9n fue encontrada muerta.<\/span><\/p>\n<p style=\"text-align: justify;\"><span style=\"font-family: tahoma, arial, helvetica, sans-serif;\">En el departamento, sin embargo, las autoridades localizaron con vida y aparentemente sin lesiones f\u00edsicas al hijo de seis a\u00f1os de la pareja. El menor habr\u00eda logrado ocultarse durante el ataque.<\/span><\/p>\n<p style=\"text-align: justify;\"><span style=\"font-family: tahoma, arial, helvetica, sans-serif;\">La <strong>Fiscal\u00eda General de Justicia del Estado de M\u00e9xico<\/strong> (FGJEM) inform\u00f3 de la detenci\u00f3n de Diego Sebasti\u00e1n \u201cN\u201d y Gerardo \u201cN\u201d (ch\u00f3fer de Diego Sebasti\u00e1n), investigados por su probable participaci\u00f3n en los hechos. Rosen ha sido se\u00f1alado como probable autor material, aunque ser\u00e1 el proceso judicial el que determine responsabilidades.<\/span><\/p>\n<h2 style=\"text-align: justify;\"><span style=\"font-family: tahoma, arial, helvetica, sans-serif;\">La relaci\u00f3n entre Rosen y Jonathan Mel\u00e9ndez<\/span><\/h2>\n<p style=\"text-align: justify;\"><span style=\"font-family: tahoma, arial, helvetica, sans-serif;\">Uno de los elementos centrales de la investigaci\u00f3n es que Diego Sebasti\u00e1n Rosen manten\u00eda una relaci\u00f3n de negocios con Jonathan Mel\u00e9ndez.<\/span><\/p>\n<p style=\"text-align: justify;\"><span style=\"font-family: tahoma, arial, helvetica, sans-serif;\">El secretario de Seguridad y Protecci\u00f3n Ciudadana, <strong>Omar Garc\u00eda Harfuch<\/strong>, inform\u00f3 que uno de los detenidos era socio de una de las v\u00edctimas y que esa relaci\u00f3n de confianza habr\u00eda facilitado su ingreso al domicilio.<\/span><\/p>\n<p style=\"text-align: justify;\"><span style=\"font-family: tahoma, arial, helvetica, sans-serif;\">Informaci\u00f3n obtenida durante las primeras investigaciones se\u00f1ala que Rosen y Mel\u00e9ndez estaban relacionados con negocios de arrendamiento de propiedades, particularmente inmuebles utilizados para alojamiento vacacional.<\/span><\/p>\n<p style=\"text-align: justify;\"><span style=\"font-family: tahoma, arial, helvetica, sans-serif;\">Precisamente esa relaci\u00f3n comercial aparece como una de las claves para esclarecer el crimen.<\/span><\/p>\n<h2 style=\"text-align: justify;\"><span style=\"font-family: tahoma, arial, helvetica, sans-serif;\">\u00bfCu\u00e1l habr\u00eda sido el motivo del multihomicidio?<\/span><\/h2>\n<p style=\"text-align: justify;\"><span style=\"font-family: tahoma, arial, helvetica, sans-serif;\">Una de las l\u00edneas de investigaci\u00f3n apunta a un posible conflicto econ\u00f3mico o robo, relacionado con los negocios que manten\u00edan Rosen y Mel\u00e9ndez.<\/span><\/p>\n<p style=\"text-align: justify;\"><span style=\"font-family: tahoma, arial, helvetica, sans-serif;\">Fuentes cercanas a la investigaci\u00f3n citadas por medios nacionales han se\u00f1alado que exist\u00eda una disputa econ\u00f3mica y que se habr\u00eda reclamado una cantidad cercana a 300 mil pesos. Sin embargo, hasta el momento esa cantidad y la naturaleza exacta de la deuda o reclamaci\u00f3n no han sido establecidas p\u00fablicamente por la Fiscal\u00eda como el m\u00f3vil definitivo.<\/span><\/p>\n<p style=\"text-align: justify;\"><span style=\"font-family: tahoma, arial, helvetica, sans-serif;\">Tambi\u00e9n han comenzado a aparecer denuncias y testimonios de terceros que se\u00f1alan a Rosen por presuntos fraudes relacionados con rentas vacacionales. Esos se\u00f1alamientos constituyen investigaciones o acusaciones independientes y, por s\u00ed solos, no demuestran el motivo del multihomicidio. <\/span><span style=\"font-family: tahoma, arial, helvetica, sans-serif;\">La Fiscal\u00eda deber\u00e1 determinar si exist\u00eda un conflicto econ\u00f3mico previo, si hubo intenci\u00f3n de apoderarse de dinero o bienes y, principalmente, por qu\u00e9 el ataque se extendi\u00f3 al resto de las personas que se encontraban en la vivienda.<\/span><\/p>\n<h2 style=\"text-align: justify;\"><span style=\"font-family: tahoma, arial, helvetica, sans-serif;\">Reconstrucci\u00f3n de los hechos<\/span><\/h2>\n<p style=\"text-align: justify;\"><span style=\"font-family: tahoma, arial, helvetica, sans-serif;\">De acuerdo con la informaci\u00f3n conocida hasta la tarde de este 3 de Septiembre, los acontecimientos habr\u00edan ocurrido de la siguiente manera:<\/span><\/p>\n<h4 style=\"text-align: justify;\"><span style=\"font-family: tahoma, arial, helvetica, sans-serif;\">1. Rosen llega al complejo residencial<\/span><\/h4>\n<p style=\"text-align: justify;\"><span style=\"font-family: tahoma, arial, helvetica, sans-serif;\">La tarde del martes 1 de septiembre de 2026, Diego Sebasti\u00e1n Rosen habr\u00eda llegado al fraccionamiento <strong>Grand Viure<\/strong>, ubicado en Bosque Esmeralda, Atizap\u00e1n de Zaragoza.<\/span><\/p>\n<p style=\"text-align: justify;\"><span style=\"font-family: tahoma, arial, helvetica, sans-serif;\">Im\u00e1genes de videovigilancia difundidas en medios muestran a un hombre identificado como Rosen dentro del elevador que conduce al departamento. <\/span><span style=\"font-family: tahoma, arial, helvetica, sans-serif;\">El registro habr\u00eda sido captado aproximadamente a las <strong>17:24 horas<\/strong>.<\/span><\/p>\n<p style=\"text-align: justify;\"><span style=\"font-family: tahoma, arial, helvetica, sans-serif;\">En las im\u00e1genes aparece con gorra, lentes y una mochila.<\/span><\/p>\n<p style=\"text-align: justify;\"><span style=\"font-family: tahoma, arial, helvetica, sans-serif;\">La relaci\u00f3n previa con Jonathan Mel\u00e9ndez habr\u00eda sido determinante para que pudiera ingresar al inmueble sin despertar sospechas.<\/span><\/p>\n<h4 style=\"text-align: justify;\"><span style=\"font-family: tahoma, arial, helvetica, sans-serif;\">2. El ataque dentro del departamento<\/span><\/h4>\n<p style=\"text-align: justify;\"><span style=\"font-family: tahoma, arial, helvetica, sans-serif;\">Las investigaciones sit\u00faan los homicidios entre aproximadamente las <strong>17:30<\/strong> y las <strong>19:40 horas<\/strong>.<\/span><\/p>\n<p style=\"text-align: justify;\"><span style=\"font-family: tahoma, arial, helvetica, sans-serif;\">Jonathan Mel\u00e9ndez y su esposa fueron encontrados maniatados y con heridas producidas por arma de fuego.<\/span><\/p>\n<p style=\"text-align: justify;\"><span style=\"font-family: tahoma, arial, helvetica, sans-serif;\">La hija de tres a\u00f1os tambi\u00e9n muri\u00f3 por disparos.<\/span><\/p>\n<p style=\"text-align: justify;\"><span style=\"font-family: tahoma, arial, helvetica, sans-serif;\">La trabajadora del hogar presentaba una herida de bala en la espalda.<\/span><\/p>\n<p style=\"text-align: justify;\"><span style=\"font-family: tahoma, arial, helvetica, sans-serif;\">La mascota familiar tambi\u00e9n fue encontrada sin vida y maniatada.<\/span><\/p>\n<p style=\"text-align: justify;\"><span style=\"font-family: tahoma, arial, helvetica, sans-serif;\">Estos elementos ser\u00e1n fundamentales para las investigaciones periciales destinadas a determinar la mec\u00e1nica y secuencia exactas del ataque.<\/span><\/p>\n<h4 style=\"text-align: justify;\"><span style=\"font-family: tahoma, arial, helvetica, sans-serif;\">3. El hijo sobrevive\u00a0<\/span><\/h4>\n<p style=\"text-align: justify;\"><span style=\"font-family: tahoma, arial, helvetica, sans-serif;\">El hijo de seis a\u00f1os de Jonathan Mel\u00e9ndez sobrevivi\u00f3.<\/span><\/p>\n<p style=\"text-align: justify;\"><span style=\"font-family: tahoma, arial, helvetica, sans-serif;\">Los primeros reportes indican que el menor consigui\u00f3 ocultarse dentro del departamento durante el ataque y permaneci\u00f3 en el inmueble hasta la llegada de las autoridades.<\/span><\/p>\n<p style=\"text-align: justify;\"><span style=\"font-family: tahoma, arial, helvetica, sans-serif;\">Su condici\u00f3n de menor de edad obliga a las autoridades a proteger especialmente su identidad y cualquier declaraci\u00f3n que pueda aportar a la investigaci\u00f3n.<\/span><\/p>\n<h4 style=\"text-align: justify;\"><span style=\"font-family: tahoma, arial, helvetica, sans-serif;\">4. Descubrimiento del crimen<\/span><\/h4>\n<p style=\"text-align: justify;\"><span style=\"font-family: tahoma, arial, helvetica, sans-serif;\">Las autoridades municipales llegaron al domicilio alrededor de las <strong>23:50 horas<\/strong>.<\/span><\/p>\n<p style=\"text-align: justify;\"><span style=\"font-family: tahoma, arial, helvetica, sans-serif;\">Dentro encontraron los cuerpos de las cuatro v\u00edctimas, la mascota y al menor sobreviviente.<\/span><\/p>\n<p style=\"text-align: justify;\"><span style=\"font-family: tahoma, arial, helvetica, sans-serif;\">La escena qued\u00f3 bajo resguardo mientras personal ministerial y peritos comenzaron el procesamiento del inmueble y la recopilaci\u00f3n de indicios.<\/span><\/p>\n<h4 style=\"text-align: justify;\"><span style=\"font-family: tahoma, arial, helvetica, sans-serif;\">5. Comienza la b\u00fasqueda<\/span><\/h4>\n<p style=\"text-align: justify;\"><span style=\"font-family: tahoma, arial, helvetica, sans-serif;\">Las grabaciones de videovigilancia y la identificaci\u00f3n de personas relacionadas con las v\u00edctimas permitieron orientar r\u00e1pidamente la investigaci\u00f3n.<\/span><\/p>\n<p style=\"text-align: justify;\"><span style=\"font-family: tahoma, arial, helvetica, sans-serif;\">La relaci\u00f3n comercial entre Jonathan Mel\u00e9ndez y Diego Sebasti\u00e1n Rosen se convirti\u00f3 en un dato relevante.<\/span><\/p>\n<p style=\"text-align: justify;\"><span style=\"font-family: tahoma, arial, helvetica, sans-serif;\">Adem\u00e1s de Rosen, las autoridades identificaron a **Gerardo \u201cN\u201d**, quien tambi\u00e9n fue detenido y cuya participaci\u00f3n concreta deber\u00e1 determinarse durante la investigaci\u00f3n.<\/span><\/p>\n<h4 style=\"text-align: justify;\"><span style=\"font-family: tahoma, arial, helvetica, sans-serif;\">6. La detenci\u00f3n de los sospechosos<\/span><\/h4>\n<p style=\"text-align: justify;\"><span style=\"font-family: tahoma, arial, helvetica, sans-serif;\">Rosen fue localizado en la zona de <strong>La Marquesa<\/strong>, sobre el corredor M\u00e9xico-Toluca.<\/span><\/p>\n<p style=\"text-align: justify;\"><span style=\"font-family: tahoma, arial, helvetica, sans-serif;\">Las autoridades federales informaron que la coordinaci\u00f3n entre corporaciones del <strong>Estado de M\u00e9xico<\/strong>, <strong>Ciudad de M\u00e9xico<\/strong> y el <strong>Gobierno Federal<\/strong> permiti\u00f3 localizar y detener a los dos sospechosos en menos de 12 horas.<\/span><\/p>\n<p style=\"text-align: justify;\"><span style=\"font-family: tahoma, arial, helvetica, sans-serif;\">La investigaci\u00f3n ahora deber\u00e1 determinar qu\u00e9 participaci\u00f3n tuvo cada uno.<\/span><\/p>\n<h2 style=\"text-align: justify;\"><span style=\"font-family: tahoma, arial, helvetica, sans-serif;\">\u00bfQu\u00e9 pruebas podr\u00edan ser fundamentales?<\/span><\/h2>\n<p style=\"text-align: justify;\"><span style=\"font-family: tahoma, arial, helvetica, sans-serif;\">La Fiscal\u00eda tendr\u00e1 que integrar una carpeta de investigaci\u00f3n capaz de sostener las acusaciones ante un juez.<\/span><\/p>\n<p style=\"text-align: justify;\"><span style=\"font-family: tahoma, arial, helvetica, sans-serif;\">Entre los elementos que previsiblemente tendr\u00e1n especial relevancia se encuentran las grabaciones de videovigilancia del fraccionamiento y el elevador; los registros de acceso y salida; pruebas bal\u00edsticas; necropsias; huellas y otros indicios encontrados en el departamento; comunicaciones telef\u00f3nicas y electr\u00f3nicas que sean obtenidas legalmente; geolocalizaci\u00f3n autorizada o datos de desplazamiento; declaraciones de testigos y cualquier evidencia relacionada con la presunta disputa econ\u00f3mica.<\/span><\/p>\n<p style=\"text-align: justify;\"><span style=\"font-family: tahoma, arial, helvetica, sans-serif;\">La Fiscal\u00eda tambi\u00e9n deber\u00e1 establecer la ruta utilizada antes y despu\u00e9s de los asesinatos y determinar el grado de intervenci\u00f3n de Gerardo \u201cN\u201d.<\/span><\/p>\n","protected":false},"excerpt":{"rendered":"<p>Atizap\u00e1n de Zaragoza, Estado de M\u00e9xico. El empresario Diego Sebasti\u00e1n Rosen Ferlini fue detenido como probable responsable del asesinato del m\u00fasico Jonathan \u201cHonas\u201d Mel\u00e9ndez, su esposa embarazada, su hija de tres a\u00f1os y una trabajadora del hogar, mientras que su otro hijo de seis a\u00f1os sobrevivi\u00f3 al ataque. Las autoridades investigan un posible conflicto econ\u00f3mico [&hellip;]<\/p>\n","protected":false},"author":2,"featured_media":1493,"comment_status":"closed","ping_status":"closed","sticky":false,"template":"","format":"standard","meta":{"footnotes":""},"categories":[73],"tags":[342,339,340,343,344,341,345,346,237],"class_list":["post-1492","post","type-post","status-publish","format-standard","has-post-thumbnail","hentry","category-portada","tag-atizapan-de-zaragoza","tag-camilo-septimo","tag-diego-sebastian-rosen-ferlini","tag-estado-de-mexico","tag-fgjem","tag-jonathan-melendez","tag-la-marquesa","tag-mexico-toluca","tag-omar-garcia-harfuch"],"yoast_head":"<!-- This site is optimized with the Yoast SEO plugin v27.3 - https:\/\/yoast.com\/product\/yoast-seo-wordpress\/ -->\n<title>El Multihomicidio en Atizap\u00e1n: lo que se sabe sobre Diego Sebasti\u00e1n Rosen y el asesinato de Jonathan Mel\u00e9ndez y su familia - ConceptoUNO<\/title>\n<meta name=\"robots\" content=\"index, follow, max-snippet:-1, max-image-preview:large, max-video-preview:-1\" \/>\n<link rel=\"canonical\" href=\"https:\/\/conceptouno.tv\/index.php\/2026\/09\/03\/el-multihomicidio-en-atizapan-lo-que-se-sabe-sobre-diego-sebastian-rosen-y-el-asesinato-de-jonathan-melendez-y-su-familia\/\" \/>\n<meta property=\"og:locale\" content=\"es_MX\" \/>\n<meta property=\"og:type\" content=\"article\" \/>\n<meta property=\"og:title\" content=\"El Multihomicidio en Atizap\u00e1n: lo que se sabe sobre Diego Sebasti\u00e1n Rosen y el asesinato de Jonathan Mel\u00e9ndez y su familia - ConceptoUNO\" \/>\n<meta property=\"og:description\" content=\"Atizap\u00e1n de Zaragoza, Estado de M\u00e9xico. El empresario Diego Sebasti\u00e1n Rosen Ferlini fue detenido como probable responsable del asesinato del m\u00fasico Jonathan \u201cHonas\u201d Mel\u00e9ndez, su esposa embarazada, su hija de tres a\u00f1os y una trabajadora del hogar, mientras que su otro hijo de seis a\u00f1os sobrevivi\u00f3 al ataque. Las autoridades investigan un posible conflicto econ\u00f3mico [&hellip;]\" \/>\n<meta property=\"og:url\" content=\"https:\/\/conceptouno.tv\/index.php\/2026\/09\/03\/el-multihomicidio-en-atizapan-lo-que-se-sabe-sobre-diego-sebastian-rosen-y-el-asesinato-de-jonathan-melendez-y-su-familia\/\" \/>\n<meta property=\"og:site_name\" content=\"ConceptoUNO\" \/>\n<meta property=\"article:published_time\" content=\"2026-09-04T02:42:32+00:00\" \/>\n<meta property=\"og:image\" content=\"https:\/\/conceptouno.tv\/wp-content\/uploads\/2026\/09\/mlthc.jpg\" \/>\n\t<meta property=\"og:image:width\" content=\"1500\" \/>\n\t<meta property=\"og:image:height\" content=\"800\" \/>\n\t<meta property=\"og:image:type\" content=\"image\/jpeg\" \/>\n<meta name=\"author\" content=\"Cesar\" \/>\n<meta name=\"twitter:card\" content=\"summary_large_image\" \/>\n<meta name=\"twitter:label1\" content=\"Escrito por\" \/>\n\t<meta name=\"twitter:data1\" content=\"Cesar\" \/>\n\t<meta name=\"twitter:label2\" content=\"Tiempo de lectura\" \/>\n\t<meta name=\"twitter:data2\" content=\"6 minutos\" \/>\n<script type=\"application\/ld+json\" class=\"yoast-schema-graph\">{\"@context\":\"https:\\\/\\\/schema.org\",\"@graph\":[{\"@type\":\"Article\",\"@id\":\"https:\\\/\\\/conceptouno.tv\\\/index.php\\\/2026\\\/09\\\/03\\\/el-multihomicidio-en-atizapan-lo-que-se-sabe-sobre-diego-sebastian-rosen-y-el-asesinato-de-jonathan-melendez-y-su-familia\\\/#article\",\"isPartOf\":{\"@id\":\"https:\\\/\\\/conceptouno.tv\\\/index.php\\\/2026\\\/09\\\/03\\\/el-multihomicidio-en-atizapan-lo-que-se-sabe-sobre-diego-sebastian-rosen-y-el-asesinato-de-jonathan-melendez-y-su-familia\\\/\"},\"author\":{\"name\":\"Cesar\",\"@id\":\"https:\\\/\\\/conceptouno.tv\\\/#\\\/schema\\\/person\\\/1c7fc4cc8a791d2e95973ce3c3a14227\"},\"headline\":\"El Multihomicidio en Atizap\u00e1n: lo que se sabe sobre Diego Sebasti\u00e1n Rosen y el asesinato de Jonathan Mel\u00e9ndez y su familia\",\"datePublished\":\"2026-09-04T02:42:32+00:00\",\"mainEntityOfPage\":{\"@id\":\"https:\\\/\\\/conceptouno.tv\\\/index.php\\\/2026\\\/09\\\/03\\\/el-multihomicidio-en-atizapan-lo-que-se-sabe-sobre-diego-sebastian-rosen-y-el-asesinato-de-jonathan-melendez-y-su-familia\\\/\"},\"wordCount\":1182,\"publisher\":{\"@id\":\"https:\\\/\\\/conceptouno.tv\\\/#organization\"},\"image\":{\"@id\":\"https:\\\/\\\/conceptouno.tv\\\/index.php\\\/2026\\\/09\\\/03\\\/el-multihomicidio-en-atizapan-lo-que-se-sabe-sobre-diego-sebastian-rosen-y-el-asesinato-de-jonathan-melendez-y-su-familia\\\/#primaryimage\"},\"thumbnailUrl\":\"https:\\\/\\\/conceptouno.tv\\\/wp-content\\\/uploads\\\/2026\\\/09\\\/mlthc.jpg\",\"keywords\":[\"Atizap\u00e1n de Zaragoza\",\"Camilo S\u00e9ptimo\",\"Diego Sebasti\u00e1n Rosen Ferlini\",\"Estado de M\u00e9xico\",\"FGJEM\",\"Jonathan Mel\u00e9ndez\",\"La Marquesa\",\"M\u00e9xico-Toluca\",\"Omar Garc\u00eda Harfuch\"],\"articleSection\":[\"Portada\"],\"inLanguage\":\"es\"},{\"@type\":\"WebPage\",\"@id\":\"https:\\\/\\\/conceptouno.tv\\\/index.php\\\/2026\\\/09\\\/03\\\/el-multihomicidio-en-atizapan-lo-que-se-sabe-sobre-diego-sebastian-rosen-y-el-asesinato-de-jonathan-melendez-y-su-familia\\\/\",\"url\":\"https:\\\/\\\/conceptouno.tv\\\/index.php\\\/2026\\\/09\\\/03\\\/el-multihomicidio-en-atizapan-lo-que-se-sabe-sobre-diego-sebastian-rosen-y-el-asesinato-de-jonathan-melendez-y-su-familia\\\/\",\"name\":\"El Multihomicidio en Atizap\u00e1n: lo que se sabe sobre Diego Sebasti\u00e1n Rosen y el asesinato de Jonathan Mel\u00e9ndez y su familia - ConceptoUNO\",\"isPartOf\":{\"@id\":\"https:\\\/\\\/conceptouno.tv\\\/#website\"},\"primaryImageOfPage\":{\"@id\":\"https:\\\/\\\/conceptouno.tv\\\/index.php\\\/2026\\\/09\\\/03\\\/el-multihomicidio-en-atizapan-lo-que-se-sabe-sobre-diego-sebastian-rosen-y-el-asesinato-de-jonathan-melendez-y-su-familia\\\/#primaryimage\"},\"image\":{\"@id\":\"https:\\\/\\\/conceptouno.tv\\\/index.php\\\/2026\\\/09\\\/03\\\/el-multihomicidio-en-atizapan-lo-que-se-sabe-sobre-diego-sebastian-rosen-y-el-asesinato-de-jonathan-melendez-y-su-familia\\\/#primaryimage\"},\"thumbnailUrl\":\"https:\\\/\\\/conceptouno.tv\\\/wp-content\\\/uploads\\\/2026\\\/09\\\/mlthc.jpg\",\"datePublished\":\"2026-09-04T02:42:32+00:00\",\"breadcrumb\":{\"@id\":\"https:\\\/\\\/conceptouno.tv\\\/index.php\\\/2026\\\/09\\\/03\\\/el-multihomicidio-en-atizapan-lo-que-se-sabe-sobre-diego-sebastian-rosen-y-el-asesinato-de-jonathan-melendez-y-su-familia\\\/#breadcrumb\"},\"inLanguage\":\"es\",\"potentialAction\":[{\"@type\":\"ReadAction\",\"target\":[\"https:\\\/\\\/conceptouno.tv\\\/index.php\\\/2026\\\/09\\\/03\\\/el-multihomicidio-en-atizapan-lo-que-se-sabe-sobre-diego-sebastian-rosen-y-el-asesinato-de-jonathan-melendez-y-su-familia\\\/\"]}]},{\"@type\":\"ImageObject\",\"inLanguage\":\"es\",\"@id\":\"https:\\\/\\\/conceptouno.tv\\\/index.php\\\/2026\\\/09\\\/03\\\/el-multihomicidio-en-atizapan-lo-que-se-sabe-sobre-diego-sebastian-rosen-y-el-asesinato-de-jonathan-melendez-y-su-familia\\\/#primaryimage\",\"url\":\"https:\\\/\\\/conceptouno.tv\\\/wp-content\\\/uploads\\\/2026\\\/09\\\/mlthc.jpg\",\"contentUrl\":\"https:\\\/\\\/conceptouno.tv\\\/wp-content\\\/uploads\\\/2026\\\/09\\\/mlthc.jpg\",\"width\":1500,\"height\":800},{\"@type\":\"BreadcrumbList\",\"@id\":\"https:\\\/\\\/conceptouno.tv\\\/index.php\\\/2026\\\/09\\\/03\\\/el-multihomicidio-en-atizapan-lo-que-se-sabe-sobre-diego-sebastian-rosen-y-el-asesinato-de-jonathan-melendez-y-su-familia\\\/#breadcrumb\",\"itemListElement\":[{\"@type\":\"ListItem\",\"position\":1,\"name\":\"Inicio\",\"item\":\"https:\\\/\\\/conceptouno.tv\\\/\"},{\"@type\":\"ListItem\",\"position\":2,\"name\":\"El Multihomicidio en Atizap\u00e1n: lo que se sabe sobre Diego Sebasti\u00e1n Rosen y el asesinato de Jonathan Mel\u00e9ndez y su familia\"}]},{\"@type\":\"WebSite\",\"@id\":\"https:\\\/\\\/conceptouno.tv\\\/#website\",\"url\":\"https:\\\/\\\/conceptouno.tv\\\/\",\"name\":\"ConceptoUNO\",\"description\":\"\",\"publisher\":{\"@id\":\"https:\\\/\\\/conceptouno.tv\\\/#organization\"},\"potentialAction\":[{\"@type\":\"SearchAction\",\"target\":{\"@type\":\"EntryPoint\",\"urlTemplate\":\"https:\\\/\\\/conceptouno.tv\\\/?s={search_term_string}\"},\"query-input\":{\"@type\":\"PropertyValueSpecification\",\"valueRequired\":true,\"valueName\":\"search_term_string\"}}],\"inLanguage\":\"es\"},{\"@type\":\"Organization\",\"@id\":\"https:\\\/\\\/conceptouno.tv\\\/#organization\",\"name\":\"ConceptoUNO\",\"url\":\"https:\\\/\\\/conceptouno.tv\\\/\",\"logo\":{\"@type\":\"ImageObject\",\"inLanguage\":\"es\",\"@id\":\"https:\\\/\\\/conceptouno.tv\\\/#\\\/schema\\\/logo\\\/image\\\/\",\"url\":\"https:\\\/\\\/conceptouno.tv\\\/wp-content\\\/uploads\\\/2025\\\/11\\\/CONCEPTOUNO-PRINCIPAL.jpg\",\"contentUrl\":\"https:\\\/\\\/conceptouno.tv\\\/wp-content\\\/uploads\\\/2025\\\/11\\\/CONCEPTOUNO-PRINCIPAL.jpg\",\"width\":500,\"height\":500,\"caption\":\"ConceptoUNO\"},\"image\":{\"@id\":\"https:\\\/\\\/conceptouno.tv\\\/#\\\/schema\\\/logo\\\/image\\\/\"}},{\"@type\":\"Person\",\"@id\":\"https:\\\/\\\/conceptouno.tv\\\/#\\\/schema\\\/person\\\/1c7fc4cc8a791d2e95973ce3c3a14227\",\"name\":\"Cesar\",\"image\":{\"@type\":\"ImageObject\",\"inLanguage\":\"es\",\"@id\":\"https:\\\/\\\/secure.gravatar.com\\\/avatar\\\/a7fb23597341e937c71894a87bc1738a03e20342b892a048f60cd004c13c0013?s=96&d=mm&r=g\",\"url\":\"https:\\\/\\\/secure.gravatar.com\\\/avatar\\\/a7fb23597341e937c71894a87bc1738a03e20342b892a048f60cd004c13c0013?s=96&d=mm&r=g\",\"contentUrl\":\"https:\\\/\\\/secure.gravatar.com\\\/avatar\\\/a7fb23597341e937c71894a87bc1738a03e20342b892a048f60cd004c13c0013?s=96&d=mm&r=g\",\"caption\":\"Cesar\"},\"url\":\"https:\\\/\\\/conceptouno.tv\\\/index.php\\\/author\\\/cesar\\\/\"}]}<\/script>\n<!-- \/ Yoast SEO plugin. -->","yoast_head_json":{"title":"El Multihomicidio en Atizap\u00e1n: lo que se sabe sobre Diego Sebasti\u00e1n Rosen y el asesinato de Jonathan Mel\u00e9ndez y su familia - ConceptoUNO","robots":{"index":"index","follow":"follow","max-snippet":"max-snippet:-1","max-image-preview":"max-image-preview:large","max-video-preview":"max-video-preview:-1"},"canonical":"https:\/\/conceptouno.tv\/index.php\/2026\/09\/03\/el-multihomicidio-en-atizapan-lo-que-se-sabe-sobre-diego-sebastian-rosen-y-el-asesinato-de-jonathan-melendez-y-su-familia\/","og_locale":"es_MX","og_type":"article","og_title":"El Multihomicidio en Atizap\u00e1n: lo que se sabe sobre Diego Sebasti\u00e1n Rosen y el asesinato de Jonathan Mel\u00e9ndez y su familia - ConceptoUNO","og_description":"Atizap\u00e1n de Zaragoza, Estado de M\u00e9xico. El empresario Diego Sebasti\u00e1n Rosen Ferlini fue detenido como probable responsable del asesinato del m\u00fasico Jonathan \u201cHonas\u201d Mel\u00e9ndez, su esposa embarazada, su hija de tres a\u00f1os y una trabajadora del hogar, mientras que su otro hijo de seis a\u00f1os sobrevivi\u00f3 al ataque. Las autoridades investigan un posible conflicto econ\u00f3mico [&hellip;]","og_url":"https:\/\/conceptouno.tv\/index.php\/2026\/09\/03\/el-multihomicidio-en-atizapan-lo-que-se-sabe-sobre-diego-sebastian-rosen-y-el-asesinato-de-jonathan-melendez-y-su-familia\/","og_site_name":"ConceptoUNO","article_published_time":"2026-09-04T02:42:32+00:00","og_image":[{"width":1500,"height":800,"url":"https:\/\/conceptouno.tv\/wp-content\/uploads\/2026\/09\/mlthc.jpg","type":"image\/jpeg"}],"author":"Cesar","twitter_card":"summary_large_image","twitter_misc":{"Escrito por":"Cesar","Tiempo de lectura":"6 minutos"},"schema":{"@context":"https:\/\/schema.org","@graph":[{"@type":"Article","@id":"https:\/\/conceptouno.tv\/index.php\/2026\/09\/03\/el-multihomicidio-en-atizapan-lo-que-se-sabe-sobre-diego-sebastian-rosen-y-el-asesinato-de-jonathan-melendez-y-su-familia\/#article","isPartOf":{"@id":"https:\/\/conceptouno.tv\/index.php\/2026\/09\/03\/el-multihomicidio-en-atizapan-lo-que-se-sabe-sobre-diego-sebastian-rosen-y-el-asesinato-de-jonathan-melendez-y-su-familia\/"},"author":{"name":"Cesar","@id":"https:\/\/conceptouno.tv\/#\/schema\/person\/1c7fc4cc8a791d2e95973ce3c3a14227"},"headline":"El Multihomicidio en Atizap\u00e1n: lo que se sabe sobre Diego Sebasti\u00e1n Rosen y el asesinato de Jonathan Mel\u00e9ndez y su familia","datePublished":"2026-09-04T02:42:32+00:00","mainEntityOfPage":{"@id":"https:\/\/conceptouno.tv\/index.php\/2026\/09\/03\/el-multihomicidio-en-atizapan-lo-que-se-sabe-sobre-diego-sebastian-rosen-y-el-asesinato-de-jonathan-melendez-y-su-familia\/"},"wordCount":1182,"publisher":{"@id":"https:\/\/conceptouno.tv\/#organization"},"image":{"@id":"https:\/\/conceptouno.tv\/index.php\/2026\/09\/03\/el-multihomicidio-en-atizapan-lo-que-se-sabe-sobre-diego-sebastian-rosen-y-el-asesinato-de-jonathan-melendez-y-su-familia\/#primaryimage"},"thumbnailUrl":"https:\/\/conceptouno.tv\/wp-content\/uploads\/2026\/09\/mlthc.jpg","keywords":["Atizap\u00e1n de Zaragoza","Camilo S\u00e9ptimo","Diego Sebasti\u00e1n Rosen Ferlini","Estado de M\u00e9xico","FGJEM","Jonathan Mel\u00e9ndez","La Marquesa","M\u00e9xico-Toluca","Omar Garc\u00eda Harfuch"],"articleSection":["Portada"],"inLanguage":"es"},{"@type":"WebPage","@id":"https:\/\/conceptouno.tv\/index.php\/2026\/09\/03\/el-multihomicidio-en-atizapan-lo-que-se-sabe-sobre-diego-sebastian-rosen-y-el-asesinato-de-jonathan-melendez-y-su-familia\/","url":"https:\/\/conceptouno.tv\/index.php\/2026\/09\/03\/el-multihomicidio-en-atizapan-lo-que-se-sabe-sobre-diego-sebastian-rosen-y-el-asesinato-de-jonathan-melendez-y-su-familia\/","name":"El Multihomicidio en Atizap\u00e1n: lo que se sabe sobre Diego Sebasti\u00e1n Rosen y el asesinato de Jonathan Mel\u00e9ndez y su familia - ConceptoUNO","isPartOf":{"@id":"https:\/\/conceptouno.tv\/#website"},"primaryImageOfPage":{"@id":"https:\/\/conceptouno.tv\/index.php\/2026\/09\/03\/el-multihomicidio-en-atizapan-lo-que-se-sabe-sobre-diego-sebastian-rosen-y-el-asesinato-de-jonathan-melendez-y-su-familia\/#primaryimage"},"image":{"@id":"https:\/\/conceptouno.tv\/index.php\/2026\/09\/03\/el-multihomicidio-en-atizapan-lo-que-se-sabe-sobre-diego-sebastian-rosen-y-el-asesinato-de-jonathan-melendez-y-su-familia\/#primaryimage"},"thumbnailUrl":"https:\/\/conceptouno.tv\/wp-content\/uploads\/2026\/09\/mlthc.jpg","datePublished":"2026-09-04T02:42:32+00:00","breadcrumb":{"@id":"https:\/\/conceptouno.tv\/index.php\/2026\/09\/03\/el-multihomicidio-en-atizapan-lo-que-se-sabe-sobre-diego-sebastian-rosen-y-el-asesinato-de-jonathan-melendez-y-su-familia\/#breadcrumb"},"inLanguage":"es","potentialAction":[{"@type":"ReadAction","target":["https:\/\/conceptouno.tv\/index.php\/2026\/09\/03\/el-multihomicidio-en-atizapan-lo-que-se-sabe-sobre-diego-sebastian-rosen-y-el-asesinato-de-jonathan-melendez-y-su-familia\/"]}]},{"@type":"ImageObject","inLanguage":"es","@id":"https:\/\/conceptouno.tv\/index.php\/2026\/09\/03\/el-multihomicidio-en-atizapan-lo-que-se-sabe-sobre-diego-sebastian-rosen-y-el-asesinato-de-jonathan-melendez-y-su-familia\/#primaryimage","url":"https:\/\/conceptouno.tv\/wp-content\/uploads\/2026\/09\/mlthc.jpg","contentUrl":"https:\/\/conceptouno.tv\/wp-content\/uploads\/2026\/09\/mlthc.jpg","width":1500,"height":800},{"@type":"BreadcrumbList","@id":"https:\/\/conceptouno.tv\/index.php\/2026\/09\/03\/el-multihomicidio-en-atizapan-lo-que-se-sabe-sobre-diego-sebastian-rosen-y-el-asesinato-de-jonathan-melendez-y-su-familia\/#breadcrumb","itemListElement":[{"@type":"ListItem","position":1,"name":"Inicio","item":"https:\/\/conceptouno.tv\/"},{"@type":"ListItem","position":2,"name":"El Multihomicidio en Atizap\u00e1n: lo que se sabe sobre Diego Sebasti\u00e1n Rosen y el asesinato de Jonathan Mel\u00e9ndez y su familia"}]},{"@type":"WebSite","@id":"https:\/\/conceptouno.tv\/#website","url":"https:\/\/conceptouno.tv\/","name":"ConceptoUNO","description":"","publisher":{"@id":"https:\/\/conceptouno.tv\/#organization"},"potentialAction":[{"@type":"SearchAction","target":{"@type":"EntryPoint","urlTemplate":"https:\/\/conceptouno.tv\/?s={search_term_string}"},"query-input":{"@type":"PropertyValueSpecification","valueRequired":true,"valueName":"search_term_string"}}],"inLanguage":"es"},{"@type":"Organization","@id":"https:\/\/conceptouno.tv\/#organization","name":"ConceptoUNO","url":"https:\/\/conceptouno.tv\/","logo":{"@type":"ImageObject","inLanguage":"es","@id":"https:\/\/conceptouno.tv\/#\/schema\/logo\/image\/","url":"https:\/\/conceptouno.tv\/wp-content\/uploads\/2025\/11\/CONCEPTOUNO-PRINCIPAL.jpg","contentUrl":"https:\/\/conceptouno.tv\/wp-content\/uploads\/2025\/11\/CONCEPTOUNO-PRINCIPAL.jpg","width":500,"height":500,"caption":"ConceptoUNO"},"image":{"@id":"https:\/\/conceptouno.tv\/#\/schema\/logo\/image\/"}},{"@type":"Person","@id":"https:\/\/conceptouno.tv\/#\/schema\/person\/1c7fc4cc8a791d2e95973ce3c3a14227","name":"Cesar","image":{"@type":"ImageObject","inLanguage":"es","@id":"https:\/\/secure.gravatar.com\/avatar\/a7fb23597341e937c71894a87bc1738a03e20342b892a048f60cd004c13c0013?s=96&d=mm&r=g","url":"https:\/\/secure.gravatar.com\/avatar\/a7fb23597341e937c71894a87bc1738a03e20342b892a048f60cd004c13c0013?s=96&d=mm&r=g","contentUrl":"https:\/\/secure.gravatar.com\/avatar\/a7fb23597341e937c71894a87bc1738a03e20342b892a048f60cd004c13c0013?s=96&d=mm&r=g","caption":"Cesar"},"url":"https:\/\/conceptouno.tv\/index.php\/author\/cesar\/"}]}},"rttpg_featured_image_url":{"full":["https:\/\/conceptouno.tv\/wp-content\/uploads\/2026\/09\/mlthc.jpg",1500,800,false],"landscape":["https:\/\/conceptouno.tv\/wp-content\/uploads\/2026\/09\/mlthc.jpg",1500,800,false],"portraits":["https:\/\/conceptouno.tv\/wp-content\/uploads\/2026\/09\/mlthc.jpg",1500,800,false],"thumbnail":["https:\/\/conceptouno.tv\/wp-content\/uploads\/2026\/09\/mlthc.jpg",150,80,false],"medium":["https:\/\/conceptouno.tv\/wp-content\/uploads\/2026\/09\/mlthc.jpg",300,160,false],"large":["https:\/\/conceptouno.tv\/wp-content\/uploads\/2026\/09\/mlthc.jpg",1024,546,false],"1536x1536":["https:\/\/conceptouno.tv\/wp-content\/uploads\/2026\/09\/mlthc.jpg",1500,800,false],"2048x2048":["https:\/\/conceptouno.tv\/wp-content\/uploads\/2026\/09\/mlthc.jpg",1500,800,false],"newsrevolutionlayouts-large":["https:\/\/conceptouno.tv\/wp-content\/uploads\/2026\/09\/mlthc-1000x800.jpg",1000,800,true],"newsrevolutionlayouts-normal":["https:\/\/conceptouno.tv\/wp-content\/uploads\/2026\/09\/mlthc-800x800.jpg",800,800,true],"newsrevolutionlayouts-masonry":["https:\/\/conceptouno.tv\/wp-content\/uploads\/2026\/09\/mlthc-500x267.jpg",500,267,true],"newsrevolutionlayouts-blog-large":["https:\/\/conceptouno.tv\/wp-content\/uploads\/2026\/09\/mlthc.jpg",1500,800,false],"newsrevolutionlayouts-blog-medium":["https:\/\/conceptouno.tv\/wp-content\/uploads\/2026\/09\/mlthc-700x400.jpg",700,400,true],"newsrevolutionlayouts-blog-medium-vertical":["https:\/\/conceptouno.tv\/wp-content\/uploads\/2026\/09\/mlthc-700x800.jpg",700,800,true],"newsrevolutionlayouts-blog-small":["https:\/\/conceptouno.tv\/wp-content\/uploads\/2026\/09\/mlthc-325x235.jpg",325,235,true],"newsrevolutionlayouts-posts-medium":["https:\/\/conceptouno.tv\/wp-content\/uploads\/2026\/09\/mlthc-600x500.jpg",600,500,true],"newsrevolutionlayouts-header":["https:\/\/conceptouno.tv\/wp-content\/uploads\/2026\/09\/mlthc-800x600.jpg",800,600,true],"newsrevolutionlayouts-vc-header-medium":["https:\/\/conceptouno.tv\/wp-content\/uploads\/2026\/09\/mlthc-446x248.jpg",446,248,true],"newsrevolutionlayouts-vc-header-small":["https:\/\/conceptouno.tv\/wp-content\/uploads\/2026\/09\/mlthc-300x200.jpg",300,200,true],"newsrevolutionlayouts-vc-posts-medium-large":["https:\/\/conceptouno.tv\/wp-content\/uploads\/2026\/09\/mlthc-800x350.jpg",800,350,true],"psacp-medium":["https:\/\/conceptouno.tv\/wp-content\/uploads\/2026\/09\/mlthc-500x500.jpg",500,500,true]},"rttpg_author":{"display_name":"Cesar","author_link":"https:\/\/conceptouno.tv\/index.php\/author\/cesar\/"},"rttpg_comment":0,"rttpg_category":"<a href=\"https:\/\/conceptouno.tv\/index.php\/category\/portada\/\" rel=\"category tag\">Portada<\/a>","rttpg_excerpt":"Atizap\u00e1n de Zaragoza, Estado de M\u00e9xico. El empresario Diego Sebasti\u00e1n Rosen Ferlini fue detenido como probable responsable del asesinato del m\u00fasico Jonathan \u201cHonas\u201d Mel\u00e9ndez, su esposa embarazada, su hija de tres a\u00f1os y una trabajadora del hogar, mientras que su otro hijo de seis a\u00f1os sobrevivi\u00f3 al ataque. Las autoridades investigan un posible conflicto econ\u00f3mico&hellip;","_links":{"self":[{"href":"https:\/\/conceptouno.tv\/index.php\/wp-json\/wp\/v2\/posts\/1492","targetHints":{"allow":["GET"]}}],"collection":[{"href":"https:\/\/conceptouno.tv\/index.php\/wp-json\/wp\/v2\/posts"}],"about":[{"href":"https:\/\/conceptouno.tv\/index.php\/wp-json\/wp\/v2\/types\/post"}],"author":[{"embeddable":true,"href":"https:\/\/conceptouno.tv\/index.php\/wp-json\/wp\/v2\/users\/2"}],"replies":[{"embeddable":true,"href":"https:\/\/conceptouno.tv\/index.php\/wp-json\/wp\/v2\/comments?post=1492"}],"version-history":[{"count":1,"href":"https:\/\/conceptouno.tv\/index.php\/wp-json\/wp\/v2\/posts\/1492\/revisions"}],"predecessor-version":[{"id":1495,"href":"https:\/\/conceptouno.tv\/index.php\/wp-json\/wp\/v2\/posts\/1492\/revisions\/1495"}],"wp:featuredmedia":[{"embeddable":true,"href":"https:\/\/conceptouno.tv\/index.php\/wp-json\/wp\/v2\/media\/1493"}],"wp:attachment":[{"href":"https:\/\/conceptouno.tv\/index.php\/wp-json\/wp\/v2\/media?parent=1492"}],"wp:term":[{"taxonomy":"category","embeddable":true,"href":"https:\/\/conceptouno.tv\/index.php\/wp-json\/wp\/v2\/categories?post=1492"},{"taxonomy":"post_tag","embeddable":true,"href":"https:\/\/conceptouno.tv\/index.php\/wp-json\/wp\/v2\/tags?post=1492"}],"curies":[{"name":"wp","href":"https:\/\/api.w.org\/{rel}","templated":true}]}}