{"id":896,"date":"2026-04-30T06:29:28","date_gmt":"2026-04-30T12:29:28","guid":{"rendered":"https:\/\/conceptouno.tv\/?p=896"},"modified":"2026-04-30T06:29:28","modified_gmt":"2026-04-30T12:29:28","slug":"el-destino-lo-alcanzo-e-u-acusa-a-rocha-moya","status":"publish","type":"post","link":"https:\/\/conceptouno.tv\/index.php\/2026\/04\/30\/el-destino-lo-alcanzo-e-u-acusa-a-rocha-moya\/","title":{"rendered":"El destino lo alcanz\u00f3: E.U. acusa a Rocha Moya"},"content":{"rendered":"<p style=\"text-align: justify;\"><span style=\"font-family: tahoma, arial, helvetica, sans-serif;\">EU acusa a Rocha Moya y a otros nueve funcionarios de tener v\u00ednculos con el C\u00e1rtel de Sinaloa<\/span><\/p>\n<p style=\"text-align: justify;\"><span style=\"font-family: tahoma, arial, helvetica, sans-serif;\">La acusaci\u00f3n fue presentada por la Fiscal\u00eda Federal para el Distrito Sur de Nueva York y dada a conocer por el fiscal Jay Clayton y el administrador de la DEA, Terrance C. Cole.<\/span><\/p>\n<p style=\"text-align: justify;\"><span style=\"font-family: tahoma, arial, helvetica, sans-serif;\">El Departamento de Justicia de Estados Unidos revel\u00f3 este mi\u00e9rcoles una acusaci\u00f3n formal contra el gobernador de Sinaloa, Rub\u00e9n Rocha Moya, y otros nueve actuales y exfuncionarios de esa entidad, se\u00f1alados de presuntamente colaborar con el C\u00e1rtel de Sinaloa para traficar drogas hacia territorio estadounidense a cambio de sobornos, respaldo pol\u00edtico y protecci\u00f3n institucional.<\/span><\/p>\n<p style=\"text-align: justify;\"><span style=\"font-family: tahoma, arial, helvetica, sans-serif;\">La acusaci\u00f3n fue presentada por la Fiscal\u00eda Federal para el Distrito Sur de Nueva York y dada a conocer por el fiscal Jay Clayton y el administrador de la DEA, Terrance C. Cole.<\/span><\/p>\n<p style=\"text-align: justify;\"><span style=\"font-family: tahoma, arial, helvetica, sans-serif;\">Adem\u00e1s de Rocha Moya, entre los imputados figuran el senador Enrique Inzunza C\u00e1zarez; el alcalde de Culiac\u00e1n, Juan de Dios G\u00e1mez Mend\u00edvil; exmandos policiacos estatales y municipales, as\u00ed como exfuncionarios de seguridad y procuraci\u00f3n de justicia en Sinaloa.<\/span><\/p>\n<p style=\"text-align: justify;\"><span style=\"font-family: tahoma, arial, helvetica, sans-serif;\">Seg\u00fan el expediente judicial, los acusados habr\u00edan integrado una red de corrupci\u00f3n que permiti\u00f3 al C\u00e1rtel de Sinaloa importar \u201ccantidades masivas\u201d de fentanilo, hero\u00edna, coca\u00edna y metanfetamina a Estados Unidos.<\/span><\/p>\n<p style=\"text-align: justify;\"><span style=\"font-family: tahoma, arial, helvetica, sans-serif;\">Por su parte, la fiscal\u00eda estadounidense sostuvo que los funcionarios habr\u00edan utilizado sus cargos para proteger a integrantes del grupo criminal, filtrar informaci\u00f3n sensible sobre operativos, facilitar rutas de trasiego y permitir actos de violencia sin consecuencias legales.<\/span><\/p>\n<p style=\"text-align: justify;\"><span style=\"font-family: tahoma, arial, helvetica, sans-serif;\">Uno de los se\u00f1alamientos contra Rocha Moya, es que habr\u00eda llegado a la gubernatura en 2021 con apoyo de la facci\u00f3n de \u201cLos Chapitos\u201d, hijos de Joaqu\u00edn \u201cEl Chapo\u201d Guzm\u00e1n, quienes presuntamente intimidaron y secuestraron a rivales pol\u00edticos para favorecer su elecci\u00f3n.<\/span><\/p>\n<p style=\"text-align: justify;\"><span style=\"font-family: tahoma, arial, helvetica, sans-serif;\">A cambio, sostuvo la acusaci\u00f3n, el mandatario estatal habr\u00eda sostenido reuniones con l\u00edderes criminales y prometido brindarles protecci\u00f3n para mantener sus operaciones en Sinaloa.<\/span><\/p>\n<p style=\"text-align: justify;\"><span style=\"font-family: tahoma, arial, helvetica, sans-serif;\">El documento tambi\u00e9n se\u00f1al\u00f3 al actual subprocurador del estado, D\u00e1maso Castro Zaavedra, de recibir pagos mensuales cercanos a 11,000 d\u00f3lares para alertar al c\u00e1rtel sobre operativos respaldados por Estados Unidos y evitar detenciones.<\/span><\/p>\n<p style=\"text-align: justify;\"><span style=\"font-family: tahoma, arial, helvetica, sans-serif;\">Ej\u00e9rcito detiene a tres hombres de confianza de &#8220;El Guano&#8221;, hermano del Chapo Guzm\u00e1n<\/span><br \/>\n<span style=\"font-family: tahoma, arial, helvetica, sans-serif;\">Adem\u00e1s, Juan Valenzuela Mill\u00e1n, exmando de la Polic\u00eda Municipal de Culiac\u00e1n, se le acus\u00f3 de secuestro, por presuntamente participar en el plagio de una fuente confidencial de la DEA y un familiar en 2023, quienes posteriormente fueron torturados y asesinados.<\/span><\/p>\n<p style=\"text-align: justify;\"><span style=\"font-family: tahoma, arial, helvetica, sans-serif;\">Las autoridades estadounidenses indicaron que todos los acusados se encontrar\u00edan actualmente en M\u00e9xico. En caso de ser condenados, varios enfrentan penas m\u00ednimas obligatorias de 40 a\u00f1os de prisi\u00f3n y hasta cadena perpetua.<\/span><\/p>\n<p style=\"text-align: justify;\"><span style=\"font-family: tahoma, arial, helvetica, sans-serif;\">\u201cEl C\u00e1rtel de Sinaloa no podr\u00eda operar con tanta libertad sin pol\u00edticos corruptos y funcionarios policiales en su n\u00f3mina\u201d, afirm\u00f3 el fiscal Jay Clayton al presentar el caso.<\/span><br \/>\n<span style=\"font-family: tahoma, arial, helvetica, sans-serif;\">Rocha Moya rechaza las acusaciones<\/span><br \/>\n<span style=\"font-family: tahoma, arial, helvetica, sans-serif;\">Tras darse a conocer la denuncia, el gobernador Rub\u00e9n Rocha rechaz\u00f3 la acusaci\u00f3n y denunci\u00f3 una &#8220;perversa estrategia&#8221; contra la soberan\u00eda de M\u00e9xico.<\/span><\/p>\n<p style=\"text-align: justify;\"><span style=\"font-family: tahoma, arial, helvetica, sans-serif;\">&#8220;Rechazo categ\u00f3rica y absolutamente las imputaciones formuladas en mi contra por la Fiscal\u00eda Federal del Distrito Sur de Nueva York, ya que carecen de veracidad y fundamento alguno&#8221;, escribi\u00f3 en la red social X.<\/span><\/p>\n<p style=\"text-align: justify;\"><span style=\"font-family: tahoma, arial, helvetica, sans-serif;\">Rocha Moya, miembro del partido Morena, gobierna Sinaloa desde 2021. Durante su gesti\u00f3n, la entidad se ha visto sacudida por las disputas entre dos facciones del C\u00e1rtel de Sinaloa.<\/span><\/p>\n<p style=\"text-align: justify;\"><span style=\"font-family: tahoma, arial, helvetica, sans-serif;\">Senador Inzunza reclama a EU<\/span><br \/>\n<span style=\"font-family: tahoma, arial, helvetica, sans-serif;\">El senador morenista Enrique Inzunza tambi\u00e9n mostr\u00f3 su rechazo a las acusaciones en su contra y asegur\u00f3 que se trata de un ataque pol\u00edtico tras fijar su posici\u00f3n en contra de la actuaci\u00f3n de agentes de Estados Unidos en el pa\u00eds.<\/span><\/p>\n<p style=\"text-align: justify;\"><span style=\"font-family: tahoma, arial, helvetica, sans-serif;\">Coincidi\u00f3 con Rocha Moya en que dicha denuncia busca afectar a su movimiento pol\u00edtico.<\/span><\/p>\n<p style=\"text-align: justify;\"><span style=\"font-family: tahoma, arial, helvetica, sans-serif;\">&#8220;Este ataque tiene intenciones muy claras. No es solo en contra nuestra, es en contra de la Cuarta Transformaci\u00f3n, y de los valores y principios que enarbolamos&#8221;, dijo el legislador sinaloense a trav\u00e9s de su cuenta de la red social X.<\/span><\/p>\n","protected":false},"excerpt":{"rendered":"<p>EU acusa a Rocha Moya y a otros nueve funcionarios de tener v\u00ednculos con el C\u00e1rtel de Sinaloa La acusaci\u00f3n fue presentada por la Fiscal\u00eda Federal para el Distrito Sur de Nueva York y dada a conocer por el fiscal Jay Clayton y el administrador de la DEA, Terrance C. Cole. El Departamento de Justicia [&hellip;]<\/p>\n","protected":false},"author":2,"featured_media":897,"comment_status":"closed","ping_status":"closed","sticky":false,"template":"","format":"standard","meta":{"footnotes":""},"categories":[73],"tags":[122,52,141,142],"class_list":["post-896","post","type-post","status-publish","format-standard","has-post-thumbnail","hentry","category-portada","tag-estados-unidos","tag-mexico","tag-rocha-moya","tag-sinaloa"],"yoast_head":"<!-- This site is optimized with the Yoast SEO plugin v27.3 - https:\/\/yoast.com\/product\/yoast-seo-wordpress\/ -->\n<title>El destino lo alcanz\u00f3: E.U. acusa a Rocha Moya - ConceptoUNO<\/title>\n<meta name=\"robots\" content=\"index, follow, max-snippet:-1, max-image-preview:large, max-video-preview:-1\" \/>\n<link rel=\"canonical\" href=\"https:\/\/conceptouno.tv\/index.php\/2026\/04\/30\/el-destino-lo-alcanzo-e-u-acusa-a-rocha-moya\/\" \/>\n<meta property=\"og:locale\" content=\"es_MX\" \/>\n<meta property=\"og:type\" content=\"article\" \/>\n<meta property=\"og:title\" content=\"El destino lo alcanz\u00f3: E.U. acusa a Rocha Moya - ConceptoUNO\" \/>\n<meta property=\"og:description\" content=\"EU acusa a Rocha Moya y a otros nueve funcionarios de tener v\u00ednculos con el C\u00e1rtel de Sinaloa La acusaci\u00f3n fue presentada por la Fiscal\u00eda Federal para el Distrito Sur de Nueva York y dada a conocer por el fiscal Jay Clayton y el administrador de la DEA, Terrance C. Cole. El Departamento de Justicia [&hellip;]\" \/>\n<meta property=\"og:url\" content=\"https:\/\/conceptouno.tv\/index.php\/2026\/04\/30\/el-destino-lo-alcanzo-e-u-acusa-a-rocha-moya\/\" \/>\n<meta property=\"og:site_name\" content=\"ConceptoUNO\" \/>\n<meta property=\"article:published_time\" content=\"2026-04-30T12:29:28+00:00\" \/>\n<meta property=\"og:image\" content=\"https:\/\/conceptouno.tv\/wp-content\/uploads\/2026\/04\/IMG_7756.jpeg\" \/>\n\t<meta property=\"og:image:width\" content=\"1200\" \/>\n\t<meta property=\"og:image:height\" content=\"633\" \/>\n\t<meta property=\"og:image:type\" content=\"image\/jpeg\" \/>\n<meta name=\"author\" content=\"Cesar\" \/>\n<meta name=\"twitter:card\" content=\"summary_large_image\" \/>\n<meta name=\"twitter:label1\" content=\"Escrito por\" \/>\n\t<meta name=\"twitter:data1\" content=\"Cesar\" \/>\n\t<meta name=\"twitter:label2\" content=\"Tiempo de lectura\" \/>\n\t<meta name=\"twitter:data2\" content=\"4 minutos\" \/>\n<script type=\"application\/ld+json\" class=\"yoast-schema-graph\">{\"@context\":\"https:\\\/\\\/schema.org\",\"@graph\":[{\"@type\":\"Article\",\"@id\":\"https:\\\/\\\/conceptouno.tv\\\/index.php\\\/2026\\\/04\\\/30\\\/el-destino-lo-alcanzo-e-u-acusa-a-rocha-moya\\\/#article\",\"isPartOf\":{\"@id\":\"https:\\\/\\\/conceptouno.tv\\\/index.php\\\/2026\\\/04\\\/30\\\/el-destino-lo-alcanzo-e-u-acusa-a-rocha-moya\\\/\"},\"author\":{\"name\":\"Cesar\",\"@id\":\"https:\\\/\\\/conceptouno.tv\\\/#\\\/schema\\\/person\\\/1c7fc4cc8a791d2e95973ce3c3a14227\"},\"headline\":\"El destino lo alcanz\u00f3: E.U. acusa a Rocha Moya\",\"datePublished\":\"2026-04-30T12:29:28+00:00\",\"mainEntityOfPage\":{\"@id\":\"https:\\\/\\\/conceptouno.tv\\\/index.php\\\/2026\\\/04\\\/30\\\/el-destino-lo-alcanzo-e-u-acusa-a-rocha-moya\\\/\"},\"wordCount\":729,\"publisher\":{\"@id\":\"https:\\\/\\\/conceptouno.tv\\\/#organization\"},\"image\":{\"@id\":\"https:\\\/\\\/conceptouno.tv\\\/index.php\\\/2026\\\/04\\\/30\\\/el-destino-lo-alcanzo-e-u-acusa-a-rocha-moya\\\/#primaryimage\"},\"thumbnailUrl\":\"https:\\\/\\\/conceptouno.tv\\\/wp-content\\\/uploads\\\/2026\\\/04\\\/IMG_7756.jpeg\",\"keywords\":[\"Estados Unidos\",\"M\u00e9xico\",\"Rocha Moya\",\"Sinaloa\"],\"articleSection\":[\"Portada\"],\"inLanguage\":\"es\"},{\"@type\":\"WebPage\",\"@id\":\"https:\\\/\\\/conceptouno.tv\\\/index.php\\\/2026\\\/04\\\/30\\\/el-destino-lo-alcanzo-e-u-acusa-a-rocha-moya\\\/\",\"url\":\"https:\\\/\\\/conceptouno.tv\\\/index.php\\\/2026\\\/04\\\/30\\\/el-destino-lo-alcanzo-e-u-acusa-a-rocha-moya\\\/\",\"name\":\"El destino lo alcanz\u00f3: E.U. acusa a Rocha Moya - ConceptoUNO\",\"isPartOf\":{\"@id\":\"https:\\\/\\\/conceptouno.tv\\\/#website\"},\"primaryImageOfPage\":{\"@id\":\"https:\\\/\\\/conceptouno.tv\\\/index.php\\\/2026\\\/04\\\/30\\\/el-destino-lo-alcanzo-e-u-acusa-a-rocha-moya\\\/#primaryimage\"},\"image\":{\"@id\":\"https:\\\/\\\/conceptouno.tv\\\/index.php\\\/2026\\\/04\\\/30\\\/el-destino-lo-alcanzo-e-u-acusa-a-rocha-moya\\\/#primaryimage\"},\"thumbnailUrl\":\"https:\\\/\\\/conceptouno.tv\\\/wp-content\\\/uploads\\\/2026\\\/04\\\/IMG_7756.jpeg\",\"datePublished\":\"2026-04-30T12:29:28+00:00\",\"breadcrumb\":{\"@id\":\"https:\\\/\\\/conceptouno.tv\\\/index.php\\\/2026\\\/04\\\/30\\\/el-destino-lo-alcanzo-e-u-acusa-a-rocha-moya\\\/#breadcrumb\"},\"inLanguage\":\"es\",\"potentialAction\":[{\"@type\":\"ReadAction\",\"target\":[\"https:\\\/\\\/conceptouno.tv\\\/index.php\\\/2026\\\/04\\\/30\\\/el-destino-lo-alcanzo-e-u-acusa-a-rocha-moya\\\/\"]}]},{\"@type\":\"ImageObject\",\"inLanguage\":\"es\",\"@id\":\"https:\\\/\\\/conceptouno.tv\\\/index.php\\\/2026\\\/04\\\/30\\\/el-destino-lo-alcanzo-e-u-acusa-a-rocha-moya\\\/#primaryimage\",\"url\":\"https:\\\/\\\/conceptouno.tv\\\/wp-content\\\/uploads\\\/2026\\\/04\\\/IMG_7756.jpeg\",\"contentUrl\":\"https:\\\/\\\/conceptouno.tv\\\/wp-content\\\/uploads\\\/2026\\\/04\\\/IMG_7756.jpeg\",\"width\":1200,\"height\":633},{\"@type\":\"BreadcrumbList\",\"@id\":\"https:\\\/\\\/conceptouno.tv\\\/index.php\\\/2026\\\/04\\\/30\\\/el-destino-lo-alcanzo-e-u-acusa-a-rocha-moya\\\/#breadcrumb\",\"itemListElement\":[{\"@type\":\"ListItem\",\"position\":1,\"name\":\"Inicio\",\"item\":\"https:\\\/\\\/conceptouno.tv\\\/\"},{\"@type\":\"ListItem\",\"position\":2,\"name\":\"El destino lo alcanz\u00f3: E.U. acusa a Rocha Moya\"}]},{\"@type\":\"WebSite\",\"@id\":\"https:\\\/\\\/conceptouno.tv\\\/#website\",\"url\":\"https:\\\/\\\/conceptouno.tv\\\/\",\"name\":\"ConceptoUNO\",\"description\":\"\",\"publisher\":{\"@id\":\"https:\\\/\\\/conceptouno.tv\\\/#organization\"},\"potentialAction\":[{\"@type\":\"SearchAction\",\"target\":{\"@type\":\"EntryPoint\",\"urlTemplate\":\"https:\\\/\\\/conceptouno.tv\\\/?s={search_term_string}\"},\"query-input\":{\"@type\":\"PropertyValueSpecification\",\"valueRequired\":true,\"valueName\":\"search_term_string\"}}],\"inLanguage\":\"es\"},{\"@type\":\"Organization\",\"@id\":\"https:\\\/\\\/conceptouno.tv\\\/#organization\",\"name\":\"ConceptoUNO\",\"url\":\"https:\\\/\\\/conceptouno.tv\\\/\",\"logo\":{\"@type\":\"ImageObject\",\"inLanguage\":\"es\",\"@id\":\"https:\\\/\\\/conceptouno.tv\\\/#\\\/schema\\\/logo\\\/image\\\/\",\"url\":\"https:\\\/\\\/conceptouno.tv\\\/wp-content\\\/uploads\\\/2025\\\/11\\\/CONCEPTOUNO-PRINCIPAL.jpg\",\"contentUrl\":\"https:\\\/\\\/conceptouno.tv\\\/wp-content\\\/uploads\\\/2025\\\/11\\\/CONCEPTOUNO-PRINCIPAL.jpg\",\"width\":500,\"height\":500,\"caption\":\"ConceptoUNO\"},\"image\":{\"@id\":\"https:\\\/\\\/conceptouno.tv\\\/#\\\/schema\\\/logo\\\/image\\\/\"}},{\"@type\":\"Person\",\"@id\":\"https:\\\/\\\/conceptouno.tv\\\/#\\\/schema\\\/person\\\/1c7fc4cc8a791d2e95973ce3c3a14227\",\"name\":\"Cesar\",\"image\":{\"@type\":\"ImageObject\",\"inLanguage\":\"es\",\"@id\":\"https:\\\/\\\/secure.gravatar.com\\\/avatar\\\/a7fb23597341e937c71894a87bc1738a03e20342b892a048f60cd004c13c0013?s=96&d=mm&r=g\",\"url\":\"https:\\\/\\\/secure.gravatar.com\\\/avatar\\\/a7fb23597341e937c71894a87bc1738a03e20342b892a048f60cd004c13c0013?s=96&d=mm&r=g\",\"contentUrl\":\"https:\\\/\\\/secure.gravatar.com\\\/avatar\\\/a7fb23597341e937c71894a87bc1738a03e20342b892a048f60cd004c13c0013?s=96&d=mm&r=g\",\"caption\":\"Cesar\"},\"url\":\"https:\\\/\\\/conceptouno.tv\\\/index.php\\\/author\\\/cesar\\\/\"}]}<\/script>\n<!-- \/ Yoast SEO plugin. -->","yoast_head_json":{"title":"El destino lo alcanz\u00f3: E.U. acusa a Rocha Moya - ConceptoUNO","robots":{"index":"index","follow":"follow","max-snippet":"max-snippet:-1","max-image-preview":"max-image-preview:large","max-video-preview":"max-video-preview:-1"},"canonical":"https:\/\/conceptouno.tv\/index.php\/2026\/04\/30\/el-destino-lo-alcanzo-e-u-acusa-a-rocha-moya\/","og_locale":"es_MX","og_type":"article","og_title":"El destino lo alcanz\u00f3: E.U. acusa a Rocha Moya - ConceptoUNO","og_description":"EU acusa a Rocha Moya y a otros nueve funcionarios de tener v\u00ednculos con el C\u00e1rtel de Sinaloa La acusaci\u00f3n fue presentada por la Fiscal\u00eda Federal para el Distrito Sur de Nueva York y dada a conocer por el fiscal Jay Clayton y el administrador de la DEA, Terrance C. Cole. El Departamento de Justicia [&hellip;]","og_url":"https:\/\/conceptouno.tv\/index.php\/2026\/04\/30\/el-destino-lo-alcanzo-e-u-acusa-a-rocha-moya\/","og_site_name":"ConceptoUNO","article_published_time":"2026-04-30T12:29:28+00:00","og_image":[{"width":1200,"height":633,"url":"https:\/\/conceptouno.tv\/wp-content\/uploads\/2026\/04\/IMG_7756.jpeg","type":"image\/jpeg"}],"author":"Cesar","twitter_card":"summary_large_image","twitter_misc":{"Escrito por":"Cesar","Tiempo de lectura":"4 minutos"},"schema":{"@context":"https:\/\/schema.org","@graph":[{"@type":"Article","@id":"https:\/\/conceptouno.tv\/index.php\/2026\/04\/30\/el-destino-lo-alcanzo-e-u-acusa-a-rocha-moya\/#article","isPartOf":{"@id":"https:\/\/conceptouno.tv\/index.php\/2026\/04\/30\/el-destino-lo-alcanzo-e-u-acusa-a-rocha-moya\/"},"author":{"name":"Cesar","@id":"https:\/\/conceptouno.tv\/#\/schema\/person\/1c7fc4cc8a791d2e95973ce3c3a14227"},"headline":"El destino lo alcanz\u00f3: E.U. acusa a Rocha Moya","datePublished":"2026-04-30T12:29:28+00:00","mainEntityOfPage":{"@id":"https:\/\/conceptouno.tv\/index.php\/2026\/04\/30\/el-destino-lo-alcanzo-e-u-acusa-a-rocha-moya\/"},"wordCount":729,"publisher":{"@id":"https:\/\/conceptouno.tv\/#organization"},"image":{"@id":"https:\/\/conceptouno.tv\/index.php\/2026\/04\/30\/el-destino-lo-alcanzo-e-u-acusa-a-rocha-moya\/#primaryimage"},"thumbnailUrl":"https:\/\/conceptouno.tv\/wp-content\/uploads\/2026\/04\/IMG_7756.jpeg","keywords":["Estados Unidos","M\u00e9xico","Rocha Moya","Sinaloa"],"articleSection":["Portada"],"inLanguage":"es"},{"@type":"WebPage","@id":"https:\/\/conceptouno.tv\/index.php\/2026\/04\/30\/el-destino-lo-alcanzo-e-u-acusa-a-rocha-moya\/","url":"https:\/\/conceptouno.tv\/index.php\/2026\/04\/30\/el-destino-lo-alcanzo-e-u-acusa-a-rocha-moya\/","name":"El destino lo alcanz\u00f3: E.U. acusa a Rocha Moya - ConceptoUNO","isPartOf":{"@id":"https:\/\/conceptouno.tv\/#website"},"primaryImageOfPage":{"@id":"https:\/\/conceptouno.tv\/index.php\/2026\/04\/30\/el-destino-lo-alcanzo-e-u-acusa-a-rocha-moya\/#primaryimage"},"image":{"@id":"https:\/\/conceptouno.tv\/index.php\/2026\/04\/30\/el-destino-lo-alcanzo-e-u-acusa-a-rocha-moya\/#primaryimage"},"thumbnailUrl":"https:\/\/conceptouno.tv\/wp-content\/uploads\/2026\/04\/IMG_7756.jpeg","datePublished":"2026-04-30T12:29:28+00:00","breadcrumb":{"@id":"https:\/\/conceptouno.tv\/index.php\/2026\/04\/30\/el-destino-lo-alcanzo-e-u-acusa-a-rocha-moya\/#breadcrumb"},"inLanguage":"es","potentialAction":[{"@type":"ReadAction","target":["https:\/\/conceptouno.tv\/index.php\/2026\/04\/30\/el-destino-lo-alcanzo-e-u-acusa-a-rocha-moya\/"]}]},{"@type":"ImageObject","inLanguage":"es","@id":"https:\/\/conceptouno.tv\/index.php\/2026\/04\/30\/el-destino-lo-alcanzo-e-u-acusa-a-rocha-moya\/#primaryimage","url":"https:\/\/conceptouno.tv\/wp-content\/uploads\/2026\/04\/IMG_7756.jpeg","contentUrl":"https:\/\/conceptouno.tv\/wp-content\/uploads\/2026\/04\/IMG_7756.jpeg","width":1200,"height":633},{"@type":"BreadcrumbList","@id":"https:\/\/conceptouno.tv\/index.php\/2026\/04\/30\/el-destino-lo-alcanzo-e-u-acusa-a-rocha-moya\/#breadcrumb","itemListElement":[{"@type":"ListItem","position":1,"name":"Inicio","item":"https:\/\/conceptouno.tv\/"},{"@type":"ListItem","position":2,"name":"El destino lo alcanz\u00f3: E.U. acusa a Rocha Moya"}]},{"@type":"WebSite","@id":"https:\/\/conceptouno.tv\/#website","url":"https:\/\/conceptouno.tv\/","name":"ConceptoUNO","description":"","publisher":{"@id":"https:\/\/conceptouno.tv\/#organization"},"potentialAction":[{"@type":"SearchAction","target":{"@type":"EntryPoint","urlTemplate":"https:\/\/conceptouno.tv\/?s={search_term_string}"},"query-input":{"@type":"PropertyValueSpecification","valueRequired":true,"valueName":"search_term_string"}}],"inLanguage":"es"},{"@type":"Organization","@id":"https:\/\/conceptouno.tv\/#organization","name":"ConceptoUNO","url":"https:\/\/conceptouno.tv\/","logo":{"@type":"ImageObject","inLanguage":"es","@id":"https:\/\/conceptouno.tv\/#\/schema\/logo\/image\/","url":"https:\/\/conceptouno.tv\/wp-content\/uploads\/2025\/11\/CONCEPTOUNO-PRINCIPAL.jpg","contentUrl":"https:\/\/conceptouno.tv\/wp-content\/uploads\/2025\/11\/CONCEPTOUNO-PRINCIPAL.jpg","width":500,"height":500,"caption":"ConceptoUNO"},"image":{"@id":"https:\/\/conceptouno.tv\/#\/schema\/logo\/image\/"}},{"@type":"Person","@id":"https:\/\/conceptouno.tv\/#\/schema\/person\/1c7fc4cc8a791d2e95973ce3c3a14227","name":"Cesar","image":{"@type":"ImageObject","inLanguage":"es","@id":"https:\/\/secure.gravatar.com\/avatar\/a7fb23597341e937c71894a87bc1738a03e20342b892a048f60cd004c13c0013?s=96&d=mm&r=g","url":"https:\/\/secure.gravatar.com\/avatar\/a7fb23597341e937c71894a87bc1738a03e20342b892a048f60cd004c13c0013?s=96&d=mm&r=g","contentUrl":"https:\/\/secure.gravatar.com\/avatar\/a7fb23597341e937c71894a87bc1738a03e20342b892a048f60cd004c13c0013?s=96&d=mm&r=g","caption":"Cesar"},"url":"https:\/\/conceptouno.tv\/index.php\/author\/cesar\/"}]}},"rttpg_featured_image_url":{"full":["https:\/\/conceptouno.tv\/wp-content\/uploads\/2026\/04\/IMG_7756.jpeg",1200,633,false],"landscape":["https:\/\/conceptouno.tv\/wp-content\/uploads\/2026\/04\/IMG_7756.jpeg",1200,633,false],"portraits":["https:\/\/conceptouno.tv\/wp-content\/uploads\/2026\/04\/IMG_7756.jpeg",1200,633,false],"thumbnail":["https:\/\/conceptouno.tv\/wp-content\/uploads\/2026\/04\/IMG_7756-150x150.jpeg",150,150,true],"medium":["https:\/\/conceptouno.tv\/wp-content\/uploads\/2026\/04\/IMG_7756-300x158.jpeg",300,158,true],"large":["https:\/\/conceptouno.tv\/wp-content\/uploads\/2026\/04\/IMG_7756-1024x540.jpeg",1024,540,true],"1536x1536":["https:\/\/conceptouno.tv\/wp-content\/uploads\/2026\/04\/IMG_7756.jpeg",1200,633,false],"2048x2048":["https:\/\/conceptouno.tv\/wp-content\/uploads\/2026\/04\/IMG_7756.jpeg",1200,633,false],"newsrevolutionlayouts-large":["https:\/\/conceptouno.tv\/wp-content\/uploads\/2026\/04\/IMG_7756-1000x633.jpeg",1000,633,true],"newsrevolutionlayouts-normal":["https:\/\/conceptouno.tv\/wp-content\/uploads\/2026\/04\/IMG_7756-800x633.jpeg",800,633,true],"newsrevolutionlayouts-masonry":["https:\/\/conceptouno.tv\/wp-content\/uploads\/2026\/04\/IMG_7756-500x264.jpeg",500,264,true],"newsrevolutionlayouts-blog-large":["https:\/\/conceptouno.tv\/wp-content\/uploads\/2026\/04\/IMG_7756.jpeg",1200,633,false],"newsrevolutionlayouts-blog-medium":["https:\/\/conceptouno.tv\/wp-content\/uploads\/2026\/04\/IMG_7756-700x400.jpeg",700,400,true],"newsrevolutionlayouts-blog-medium-vertical":["https:\/\/conceptouno.tv\/wp-content\/uploads\/2026\/04\/IMG_7756-700x633.jpeg",700,633,true],"newsrevolutionlayouts-blog-small":["https:\/\/conceptouno.tv\/wp-content\/uploads\/2026\/04\/IMG_7756-325x235.jpeg",325,235,true],"newsrevolutionlayouts-posts-medium":["https:\/\/conceptouno.tv\/wp-content\/uploads\/2026\/04\/IMG_7756-600x500.jpeg",600,500,true],"newsrevolutionlayouts-header":["https:\/\/conceptouno.tv\/wp-content\/uploads\/2026\/04\/IMG_7756-800x600.jpeg",800,600,true],"newsrevolutionlayouts-vc-header-medium":["https:\/\/conceptouno.tv\/wp-content\/uploads\/2026\/04\/IMG_7756-446x248.jpeg",446,248,true],"newsrevolutionlayouts-vc-header-small":["https:\/\/conceptouno.tv\/wp-content\/uploads\/2026\/04\/IMG_7756-300x200.jpeg",300,200,true],"newsrevolutionlayouts-vc-posts-medium-large":["https:\/\/conceptouno.tv\/wp-content\/uploads\/2026\/04\/IMG_7756-800x350.jpeg",800,350,true],"psacp-medium":["https:\/\/conceptouno.tv\/wp-content\/uploads\/2026\/04\/IMG_7756-500x500.jpeg",500,500,true]},"rttpg_author":{"display_name":"Cesar","author_link":"https:\/\/conceptouno.tv\/index.php\/author\/cesar\/"},"rttpg_comment":0,"rttpg_category":"<a href=\"https:\/\/conceptouno.tv\/index.php\/category\/portada\/\" rel=\"category tag\">Portada<\/a>","rttpg_excerpt":"EU acusa a Rocha Moya y a otros nueve funcionarios de tener v\u00ednculos con el C\u00e1rtel de Sinaloa La acusaci\u00f3n fue presentada por la Fiscal\u00eda Federal para el Distrito Sur de Nueva York y dada a conocer por el fiscal Jay Clayton y el administrador de la DEA, Terrance C. Cole. El Departamento de Justicia&hellip;","_links":{"self":[{"href":"https:\/\/conceptouno.tv\/index.php\/wp-json\/wp\/v2\/posts\/896","targetHints":{"allow":["GET"]}}],"collection":[{"href":"https:\/\/conceptouno.tv\/index.php\/wp-json\/wp\/v2\/posts"}],"about":[{"href":"https:\/\/conceptouno.tv\/index.php\/wp-json\/wp\/v2\/types\/post"}],"author":[{"embeddable":true,"href":"https:\/\/conceptouno.tv\/index.php\/wp-json\/wp\/v2\/users\/2"}],"replies":[{"embeddable":true,"href":"https:\/\/conceptouno.tv\/index.php\/wp-json\/wp\/v2\/comments?post=896"}],"version-history":[{"count":1,"href":"https:\/\/conceptouno.tv\/index.php\/wp-json\/wp\/v2\/posts\/896\/revisions"}],"predecessor-version":[{"id":898,"href":"https:\/\/conceptouno.tv\/index.php\/wp-json\/wp\/v2\/posts\/896\/revisions\/898"}],"wp:featuredmedia":[{"embeddable":true,"href":"https:\/\/conceptouno.tv\/index.php\/wp-json\/wp\/v2\/media\/897"}],"wp:attachment":[{"href":"https:\/\/conceptouno.tv\/index.php\/wp-json\/wp\/v2\/media?parent=896"}],"wp:term":[{"taxonomy":"category","embeddable":true,"href":"https:\/\/conceptouno.tv\/index.php\/wp-json\/wp\/v2\/categories?post=896"},{"taxonomy":"post_tag","embeddable":true,"href":"https:\/\/conceptouno.tv\/index.php\/wp-json\/wp\/v2\/tags?post=896"}],"curies":[{"name":"wp","href":"https:\/\/api.w.org\/{rel}","templated":true}]}}